{"id":4106,"date":"2025-06-20T09:53:23","date_gmt":"2025-06-20T07:53:23","guid":{"rendered":"https:\/\/wlhealthcare.com\/?p=4106"},"modified":"2025-06-20T09:53:23","modified_gmt":"2025-06-20T07:53:23","slug":"summit-sevilla-wlhc-la-salud-de-la-mujer-en-andalucia","status":"publish","type":"post","link":"https:\/\/wlhealthcare.com\/?p=4106","title":{"rendered":"SUMMIT SEVILLA WLHC &#8211; La salud de la mujer en Andaluc\u00eda"},"content":{"rendered":"<div class=\"wpb-content-wrapper\"><p>[vc_row][vc_column][vc_empty_space height=\u00bb7px\u00bb][vc_column_text]<\/p>\n<p>&nbsp;<\/p>\n<p>Te invitamos el pr\u00f3ximo <strong>d\u00eda 23 de Junio a las 11.00h en la C\u00e1mara de Comercio de Sevilla<\/strong><\/p>\n<header class=\"entry-header \"><\/header>\n<div class=\"entry-content clear\">\n<h4>El 23 de junio en la C\u00e1mara de Comercio de Sevilla tendr\u00e1 lugar la Jornada \u00abWomen Leaders Poco Frecuentes\u00bb con el objetivo de presentar los desaf\u00edos cl\u00ednicos y las soluciones desde la gesti\u00f3n sanitaria en Enfermedades Raras. Haciendo especial hincapi\u00e9 en el liderazgo femenino en el \u00e1mbito sanitario<\/h4>\n<ul class=\"wp-block-list\">\n<li><strong>Mi\u00e9rcoles 11 de junio<\/strong>: Centrado en el papel de la mujer en la salud, con sesiones como \u00abEl Poder de Cuidar: Mujeres Decidiendo en Sanidad\u00bb y la mesa de di\u00e1logo \u00abMujeres que Deciden. Impacto Pol\u00edtico, Social y Empresarial desde Granada\u00bb.<\/li>\n<li><strong>Jueves 12 de junio<\/strong>: Dedicado a la gesti\u00f3n de enfermedades raras y la innovaci\u00f3n sanitaria, con ponencias sobre \u00abInnovaci\u00f3n Cl\u00ednica y Farmac\u00e9utica\u00bb, \u00abEnfermer\u00eda Directiva e Innovaci\u00f3n en Cuidados\u00bb y \u00abModelos de Coordinaci\u00f3n Asistencial y Humanizaci\u00f3n\u00bb.<\/li>\n<\/ul>\n<p>Las inscripciones ya est\u00e1n abiertas y pueden realizarse a trav\u00e9s del siguiente\u00a0<a href=\"https:\/\/docs.google.com\/forms\/d\/e\/1FAIpQLScZL0nVIwZ7OdPihmcu2uYuYUBDMW3lBKTAaOsSXc7qck8Kxg\/viewform\"><strong>enlace<\/strong>.<\/a><\/p>\n<\/div>\n<p>Nos encantar\u00eda que pudieras acompa\u00f1arnos y conocer el proyecto de primera mano.<\/p>\n<p>&nbsp;<\/p>\n<h3 data-pm-slice=\"1 1 []\"><strong>AGENDA: <\/strong><\/h3>\n<section class=\"ob-is-breaking-bad elementor-section elementor-top-section elementor-element elementor-element-b2f473a elementor-section-boxed elementor-section-height-default elementor-section-height-default\" data-id=\"b2f473a\" data-element_type=\"section\" data-settings=\"{&quot;_ob_bbad_use_it&quot;:&quot;yes&quot;,&quot;_ob_bbad_sssic_use&quot;:&quot;no&quot;,&quot;_ob_glider_is_slider&quot;:&quot;no&quot;}\">\n<div class=\"elementor-container elementor-column-gap-default\">\n<div class=\"elementor-column elementor-col-100 elementor-top-column elementor-element elementor-element-d0a812b ob-is-e3\" data-id=\"d0a812b\" data-element_type=\"column\" data-settings=\"{&quot;_ob_bbad_is_stalker&quot;:&quot;no&quot;,&quot;_ob_teleporter_use&quot;:false,&quot;_ob_column_hoveranimator&quot;:&quot;no&quot;,&quot;_ob_column_has_pseudo&quot;:&quot;no&quot;}\">\n<div class=\"elementor-widget-wrap elementor-element-populated\">\n<div class=\"elementor-element elementor-element-91b7e9e ob-harakiri-inherit ob-has-background-overlay elementor-widget elementor-widget-text-editor ob-harakiri\" data-id=\"91b7e9e\" data-element_type=\"widget\" data-settings=\"{&quot;_ob_use_harakiri&quot;:&quot;yes&quot;,&quot;_ob_harakiri_writing_mode&quot;:&quot;inherit&quot;,&quot;_ob_postman_use&quot;:&quot;no&quot;,&quot;_ob_perspektive_use&quot;:&quot;no&quot;,&quot;_ob_poopart_use&quot;:&quot;yes&quot;,&quot;_ob_shadough_use&quot;:&quot;no&quot;,&quot;_ob_allow_hoveranimator&quot;:&quot;no&quot;,&quot;_ob_widget_stalker_use&quot;:&quot;no&quot;}\" data-widget_type=\"text-editor.default\">\n<div class=\"elementor-widget-container\">\n<p><b>10:45 | Inauguraci\u00f3n\u00a0<\/b><\/p>\n<p>\u2013 Modera:\u00a0<strong>Nuria S\u00e1nchez-Gey Valenzuela,<\/strong>\u00a0Doctora en Comunicaci\u00f3n por la Universidad de Sevilla<\/p>\n<p>\u2013\u00a0<strong>Manuel Molina<\/strong>, Delegado Territorial de Salud y Consumo en Sevilla (Junta de Andaluc\u00eda \u2013 Delegaci\u00f3n de Salud)<\/p>\n<p>\u2013 *<strong>Francisco Herrero Le\u00f3n<\/strong>, Presidente de la C\u00e1mara de Comercio de Sevilla<\/p>\n<p>\u2013\u00a0<strong>\u00d3scar L\u00f3pez<\/strong>, Director de Woman Leaders Healthcare<\/p>\n<p>&nbsp;<\/p>\n<\/div>\n<\/div>\n<\/div>\n<\/div>\n<\/div>\n<\/section>\n<section class=\"ob-is-breaking-bad elementor-section elementor-top-section elementor-element elementor-element-df117c0 elementor-section-boxed elementor-section-height-default elementor-section-height-default\" data-id=\"df117c0\" data-element_type=\"section\" data-settings=\"{&quot;_ob_bbad_use_it&quot;:&quot;yes&quot;,&quot;_ob_bbad_sssic_use&quot;:&quot;no&quot;,&quot;_ob_glider_is_slider&quot;:&quot;no&quot;}\">\n<div class=\"elementor-container elementor-column-gap-default\">\n<div class=\"elementor-column elementor-col-100 elementor-top-column elementor-element elementor-element-118ae56 ob-is-e3\" data-id=\"118ae56\" data-element_type=\"column\" data-settings=\"{&quot;_ob_bbad_is_stalker&quot;:&quot;no&quot;,&quot;_ob_teleporter_use&quot;:false,&quot;_ob_column_hoveranimator&quot;:&quot;no&quot;,&quot;_ob_column_has_pseudo&quot;:&quot;no&quot;}\">\n<div class=\"elementor-widget-wrap elementor-element-populated\">\n<div class=\"elementor-element elementor-element-fa7d7c6 ob-harakiri-inherit ob-has-background-overlay elementor-widget elementor-widget-text-editor ob-harakiri\" data-id=\"fa7d7c6\" data-element_type=\"widget\" data-settings=\"{&quot;_ob_use_harakiri&quot;:&quot;yes&quot;,&quot;_ob_harakiri_writing_mode&quot;:&quot;inherit&quot;,&quot;_ob_postman_use&quot;:&quot;no&quot;,&quot;_ob_perspektive_use&quot;:&quot;no&quot;,&quot;_ob_poopart_use&quot;:&quot;yes&quot;,&quot;_ob_shadough_use&quot;:&quot;no&quot;,&quot;_ob_allow_hoveranimator&quot;:&quot;no&quot;,&quot;_ob_widget_stalker_use&quot;:&quot;no&quot;}\" data-widget_type=\"text-editor.default\">\n<div class=\"elementor-widget-container\">\n<p><b>11:00 | Mesa: Visi\u00f3n Cl\u00ednica y Social<\/b><\/p>\n<p><b>\u2013\u00a0<\/b>Modera:\u00a0<strong>Nuria S\u00e1nchez-Gey Valenzuela,<\/strong>\u00a0Doctora en Comunicaci\u00f3n por la Universidad de Sevilla<\/p>\n<p><b>\u2013 Sandra Flores Moreno,\u00a0<\/b>Jefa de Servicio de Farmacia en el Hospital Universitario Virgen del Roc\u00edo (Sevilla)<\/p>\n<p>\u2013\u00a0<span dir=\"ltr\" role=\"presentation\"><strong>Raquel Yahyaoui Mac\u00edas<\/strong>,<\/span><span dir=\"ltr\" role=\"presentation\">\u00a0jefa de An\u00e1lisis Cl\u00ednicos Hospital Universitario\u00a0<\/span><span dir=\"ltr\" role=\"presentation\">Regional de M\u00e1laga<\/span><\/p>\n<p>\u2013\u00a0<strong>Carmen Candela Fuster<\/strong>, Directora de Operaciones de Quir\u00f3nSalud Sagrado Coraz\u00f3n<\/p>\n<p>\u2013\u00a0<b>Mirian Meco Ortiz<\/b>\u00a0, Profesora Pedagog\u00eda terap\u00e9utica<\/p>\n<p>&nbsp;<\/p>\n<\/div>\n<\/div>\n<div class=\"elementor-element elementor-element-b0a14ab ob-harakiri-inherit ob-has-background-overlay elementor-widget elementor-widget-text-editor ob-harakiri\" data-id=\"b0a14ab\" data-element_type=\"widget\" data-settings=\"{&quot;_ob_use_harakiri&quot;:&quot;yes&quot;,&quot;_ob_harakiri_writing_mode&quot;:&quot;inherit&quot;,&quot;_ob_postman_use&quot;:&quot;no&quot;,&quot;_ob_perspektive_use&quot;:&quot;no&quot;,&quot;_ob_poopart_use&quot;:&quot;yes&quot;,&quot;_ob_shadough_use&quot;:&quot;no&quot;,&quot;_ob_allow_hoveranimator&quot;:&quot;no&quot;,&quot;_ob_widget_stalker_use&quot;:&quot;no&quot;}\" data-widget_type=\"text-editor.default\">\n<div class=\"elementor-widget-container\">\n<p><b>12:00 | Mesa: Perspectiva Econ\u00f3mica y Pol\u00edtica<\/b><\/p>\n<p><b>\u2013\u00a0<\/b>Modera:\u00a0<strong>Nuria S\u00e1nchez-Gey Valenzuela,<\/strong>\u00a0Doctora en Comunicaci\u00f3n por la Universidad de Sevilla<\/p>\n<p><b>\u2013\u00a0<\/b><b>Pilar Garc\u00eda Monter,\u00a0<\/b>Directora de Colectivos Profesionales en Banco Sabadell<\/p>\n<p>\u2013\u00a0<span dir=\"ltr\" role=\"presentation\"><strong>Ver\u00f3nica P\u00e9rez<\/strong>,<\/span><span dir=\"ltr\" role=\"presentation\">\u00a0Diputada del Parlamento de Andaluc\u00eda\u00a0<\/span><span dir=\"ltr\" role=\"presentation\">(PSOE)<\/span><\/p>\n<p><b>\u2013\u00a0<\/b><strong>Laura Hern\u00e1ndez,\u00a0<\/strong>Madre de Elena, una ni\u00f1a con mutaci\u00f3n gen\u00e9tica IRF2BPL (NEDAMSS)<\/p>\n<p>\u2013\u00a0<b>*<span dir=\"ltr\" role=\"presentation\">Milagros Borb\u00f3n Cruz,\u00a0<\/span><\/b><span dir=\"ltr\" role=\"presentation\">Direcci\u00f3n General de Consumo de\u00a0<\/span><span dir=\"ltr\" role=\"presentation\">la Junta de Andaluc\u00eda<\/span><\/p>\n<p>&nbsp;<\/p>\n<\/div>\n<\/div>\n<div class=\"elementor-element elementor-element-8d56632 ob-harakiri-inherit ob-has-background-overlay elementor-widget elementor-widget-text-editor ob-harakiri\" data-id=\"8d56632\" data-element_type=\"widget\" data-settings=\"{&quot;_ob_use_harakiri&quot;:&quot;yes&quot;,&quot;_ob_harakiri_writing_mode&quot;:&quot;inherit&quot;,&quot;_ob_postman_use&quot;:&quot;no&quot;,&quot;_ob_perspektive_use&quot;:&quot;no&quot;,&quot;_ob_poopart_use&quot;:&quot;yes&quot;,&quot;_ob_shadough_use&quot;:&quot;no&quot;,&quot;_ob_allow_hoveranimator&quot;:&quot;no&quot;,&quot;_ob_widget_stalker_use&quot;:&quot;no&quot;}\" data-widget_type=\"text-editor.default\">\n<div class=\"elementor-widget-container\">\n<p><b>13:00 | Clausura<\/b><\/p>\n<p><b>\u2013 Jes\u00fas Ignacio Meco,\u00a0<\/b>Director de Poco Frecuentes.<\/p>\n<p>&nbsp;<\/p>\n<\/div>\n<\/div>\n<div class=\"elementor-element elementor-element-ca0e28d ob-harakiri-inherit ob-has-background-overlay elementor-widget elementor-widget-text-editor ob-harakiri\" data-id=\"ca0e28d\" data-element_type=\"widget\" data-settings=\"{&quot;_ob_use_harakiri&quot;:&quot;yes&quot;,&quot;_ob_harakiri_writing_mode&quot;:&quot;inherit&quot;,&quot;_ob_postman_use&quot;:&quot;no&quot;,&quot;_ob_perspektive_use&quot;:&quot;no&quot;,&quot;_ob_poopart_use&quot;:&quot;yes&quot;,&quot;_ob_shadough_use&quot;:&quot;no&quot;,&quot;_ob_allow_hoveranimator&quot;:&quot;no&quot;,&quot;_ob_widget_stalker_use&quot;:&quot;no&quot;}\" data-widget_type=\"text-editor.default\">\n<div class=\"elementor-widget-container\">\n<p><b>13:30 | C\u00f3ctel<\/b><\/p>\n<\/div>\n<\/div>\n<\/div>\n<\/div>\n<\/div>\n<\/section>\n<p>&nbsp;<\/p>\n<p>[\/vc_column_text][vc_empty_space height=\u00bb11px\u00bb][vc_column_text]<\/p>\n<blockquote><p>\u00abReducir la brecha en salud de la mujer ayudar\u00eda a <strong>3.900 millones de mujeres a vivir vidas m\u00e1s saludables,<\/strong> d\u00e1ndoles hasta <strong>500 d\u00edas m\u00e1s a lo largo de su vida<\/strong>.\u00bb<\/p><\/blockquote>\n<p>[\/vc_column_text][vc_empty_space height=\u00bb56px\u00bb][vc_column_text]<\/p>\n<p data-pm-slice=\"1 1 []\">El proyecto <strong>Women Leaders in HealthCare<\/strong> (WLHC) comenz\u00f3 su andadura en el a\u00f1o 2017, con un enfoque inicialmente sectorial, centrado en el papel de la mujer en las compa\u00f1\u00edas farmac\u00e9uticas. Tras varios a\u00f1os de camino recorrido, diferentes eventos y encuentros y, sobre todo, fruto de los aprendizajes incorporados al escuchar diversas opiniones expertas del sector del cuidado de la salud, <strong>WLHC evoluciona hacia un modelo m\u00e1s ambicioso e integrador, con amplitud de miras y diversidad,<\/strong> que persigue ocupar un espacio hoy todav\u00eda in\u00e9dito, en el que mujeres desde perspectivas y experiencias diversas debatan y propongan sobre temas actuales y de relevancia con impacto en la salud en la sociedad, econom\u00eda y pol\u00edticas, buscando un an\u00e1lisis profundo y un decidido impacto positivo en la Sociedad.<\/p>\n<p>&nbsp;<\/p>\n<p data-pm-slice=\"1 1 []\">\u00a1Os Esperamos !<\/p>\n<p data-pm-slice=\"1 1 []\">Las inscripciones ya est\u00e1n abiertas y pueden realizarse a trav\u00e9s del siguiente\u00a0<a href=\"https:\/\/pocofrecuentes.org\/jornada-horizontes-sanitarios-en-enfermedades-raras\/\"><strong>enlace<\/strong>.<\/a><\/p>\n<p>&nbsp;<\/p>\n<p>[\/vc_column_text][vc_empty_space height=\u00bb8px\u00bb][\/vc_column][\/vc_row]<\/p>\n<\/div>","protected":false},"excerpt":{"rendered":"<p>Lorem Ipsum dolor sit amet quid dolormentum. Proin gravida nibh vel velit auctor aliquet. Aenean sollicitudin, lorem quis bibendum auctorelit consequat ipsum, nec sagittis sem nibh id elit. Duis sed odio sit amet nibh vulputate cursus a sit amet mauris. Morbi accumsan ipsum velit. Nam nec tellus a odio tincidunt auctor a ornare odio. Sed non mauris vitae erat consequat auctor eu in elit. Class aptent taciti sociosqu ad litora torquent per conubia nostra per inceptos himenaeos. Mauris in erat justo. Nullam ac urna eu felis dapibus condimentum sit amet a augue. Sed non neque elit. Sed ut imperdiet nisi. Proin condimentum fermentum nunc. Etiam pharetra, erat sed fermentum feugiat, velit mauris egestas quam, ut aliquam massa nisl quis neque. Suspendisse in orci enim. Erat consequat auctor eu in elit. Class aptent taciti sociosqu ad litora torquent per conubia nostra per inceptos himenaeos. Mauris in erat justo. Nullam ac urna eu felis dapibus condimentum sit amet a augue. Sed non neque elit. Sed ut imperdiet nisi. Proin condimentum fermentum nunc.<\/p>\n","protected":false},"author":1,"featured_media":4107,"comment_status":"open","ping_status":"open","sticky":false,"template":"","format":"standard","meta":{"footnotes":""},"categories":[45],"tags":[46],"class_list":["post-4106","post","type-post","status-publish","format-standard","has-post-thumbnail","hentry","category-wlhc","tag-wlhc"],"_links":{"self":[{"href":"https:\/\/wlhealthcare.com\/index.php?rest_route=\/wp\/v2\/posts\/4106","targetHints":{"allow":["GET"]}}],"collection":[{"href":"https:\/\/wlhealthcare.com\/index.php?rest_route=\/wp\/v2\/posts"}],"about":[{"href":"https:\/\/wlhealthcare.com\/index.php?rest_route=\/wp\/v2\/types\/post"}],"author":[{"embeddable":true,"href":"https:\/\/wlhealthcare.com\/index.php?rest_route=\/wp\/v2\/users\/1"}],"replies":[{"embeddable":true,"href":"https:\/\/wlhealthcare.com\/index.php?rest_route=%2Fwp%2Fv2%2Fcomments&post=4106"}],"version-history":[{"count":1,"href":"https:\/\/wlhealthcare.com\/index.php?rest_route=\/wp\/v2\/posts\/4106\/revisions"}],"predecessor-version":[{"id":4108,"href":"https:\/\/wlhealthcare.com\/index.php?rest_route=\/wp\/v2\/posts\/4106\/revisions\/4108"}],"wp:featuredmedia":[{"embeddable":true,"href":"https:\/\/wlhealthcare.com\/index.php?rest_route=\/wp\/v2\/media\/4107"}],"wp:attachment":[{"href":"https:\/\/wlhealthcare.com\/index.php?rest_route=%2Fwp%2Fv2%2Fmedia&parent=4106"}],"wp:term":[{"taxonomy":"category","embeddable":true,"href":"https:\/\/wlhealthcare.com\/index.php?rest_route=%2Fwp%2Fv2%2Fcategories&post=4106"},{"taxonomy":"post_tag","embeddable":true,"href":"https:\/\/wlhealthcare.com\/index.php?rest_route=%2Fwp%2Fv2%2Ftags&post=4106"}],"curies":[{"name":"wp","href":"https:\/\/api.w.org\/{rel}","templated":true}]}}