{"id":4098,"date":"2025-06-09T13:30:49","date_gmt":"2025-06-09T11:30:49","guid":{"rendered":"https:\/\/wlhealthcare.com\/?p=4098"},"modified":"2025-06-09T13:31:57","modified_gmt":"2025-06-09T11:31:57","slug":"summit-wlhc-poco-frecuentes-jornada-horizontes-en-gestion-sanitaria-para-abordar-el-papel-de-la-mujer-en-la-salud-y-la-gestion-de-enfermedades-raras","status":"publish","type":"post","link":"https:\/\/wlhealthcare.com\/?p=4098","title":{"rendered":"SUMMIT WLHC &#8211; Poco Frecuentes  Jornada \u201cHorizontes en Gesti\u00f3n Sanitaria\u201d para abordar el papel de la mujer en la salud y la gesti\u00f3n de enfermedades raras"},"content":{"rendered":"<div class=\"wpb-content-wrapper\"><p>[vc_row][vc_column][vc_empty_space height=\u00bb7px\u00bb][vc_column_text]<\/p>\n<p>&nbsp;<\/p>\n<p>Te invitamos el pr\u00f3ximo <strong>d\u00eda 11 de Junio a las 16.00h en el<\/strong> Hospital Virgen de Las Nieves (Granada)<\/p>\n<header class=\"entry-header \">\n<h4 class=\"entry-title\">Granada acoge la Jornada \u201cHorizontes en Gesti\u00f3n Sanitaria\u201d para abordar el papel de la mujer en la salud y la gesti\u00f3n de enfermedades raras<\/h4>\n<\/header>\n<div class=\"entry-content clear\">\n<p>La\u00a0<strong>Asociaci\u00f3n<\/strong>\u00a0<strong>Poco Frecuentes<\/strong>, en colaboraci\u00f3n con el\u00a0<strong>Hospital Universitario Virgen de las Nieves<\/strong>\u00a0y\u00a0<strong>Women Leaders<\/strong>, celebrar\u00e1 los pr\u00f3ximos\u00a0<strong>11 y 12 de junio de 2025<\/strong>\u00a0la\u00a0<strong>Jornada Granadina: Horizontes en Gesti\u00f3n Sanitaria<\/strong>, un evento centrado en el liderazgo femenino en el \u00e1mbito sanitario y en la innovaci\u00f3n en la atenci\u00f3n a enfermedades raras.<\/p>\n<p>La jornada reunir\u00e1 a referentes de la gesti\u00f3n sanitaria, la investigaci\u00f3n biom\u00e9dica, la enfermer\u00eda y la atenci\u00f3n centrada en la persona, y contar\u00e1 con un completo programa de ponencias y mesas de di\u00e1logo que buscan repensar la sanidad desde una mirada m\u00e1s humana, equitativa y colaborativa.<\/p>\n<p>Entre los ponentes se encuentra:<\/p>\n<p>Entre los ponentes se encuentran\u00a0<strong>Mar\u00eda \u00c1ngeles Garc\u00eda Rescalvo<\/strong>, Gerente del Hospital Universitario Virgen de las Nieves;\u00a0<strong>Pilar Aranda Ram\u00edrez<\/strong>, Catedr\u00e1tica de Fisiolog\u00eda y exrectora de la Universidad de Granada;\u00a0<strong>Mar\u00eda Jos\u00e9 S\u00e1nchez P\u00e9rez<\/strong>, Directora cient\u00edfica del ibs.GRANADA; y\u00a0<strong>Alberto Jim\u00e9nez Morales<\/strong>, Jefe de Servicio de Farmacia del mismo hospital. Tambi\u00e9n participar\u00e1n\u00a0<strong>Nuria Navarrete Navarrete<\/strong>, de la Unidad de Enfermedades Autoinmunes Sist\u00e9micas, y\u00a0<strong>Mar\u00eda<\/strong>\u00a0<strong>Mercedes Villegas Calvo<\/strong>, Directora de Enfermer\u00eda del HUVN, entre otros.<\/p>\n<p>El programa se desarrollar\u00e1 en dos jornadas:<\/p>\n<ul class=\"wp-block-list\">\n<li><strong>Mi\u00e9rcoles 11 de junio<\/strong>: Centrado en el papel de la mujer en la salud, con sesiones como \u00abEl Poder de Cuidar: Mujeres Decidiendo en Sanidad\u00bb y la mesa de di\u00e1logo \u00abMujeres que Deciden. Impacto Pol\u00edtico, Social y Empresarial desde Granada\u00bb.<\/li>\n<li><strong>Jueves 12 de junio<\/strong>: Dedicado a la gesti\u00f3n de enfermedades raras y la innovaci\u00f3n sanitaria, con ponencias sobre \u00abInnovaci\u00f3n Cl\u00ednica y Farmac\u00e9utica\u00bb, \u00abEnfermer\u00eda Directiva e Innovaci\u00f3n en Cuidados\u00bb y \u00abModelos de Coordinaci\u00f3n Asistencial y Humanizaci\u00f3n\u00bb.<\/li>\n<\/ul>\n<p>Las inscripciones ya est\u00e1n abiertas y pueden realizarse a trav\u00e9s del siguiente\u00a0<a href=\"https:\/\/pocofrecuentes.org\/jornada-horizontes-sanitarios-en-enfermedades-raras\/\"><strong>enlace<\/strong>.<\/a><\/p>\n<\/div>\n<p>Nos encantar\u00eda que pudieras acompa\u00f1arnos y conocer el proyecto de primera mano.<\/p>\n<p>&nbsp;<\/p>\n<h3 data-pm-slice=\"1 1 []\"><strong>AGENDA: <\/strong><\/h3>\n<p><b>Mi\u00e9rcoles <\/b><b>11 DE JUNIO<\/b><\/p>\n<p><b>16:00 | Inauguraci\u00f3n <\/b><\/p>\n<p>\u2013 Asociaci\u00f3n Poco Frecuentes<\/p>\n<p>\u2013 Hospital Universitario Virgen de las Nieves<\/p>\n<p>&nbsp;<\/p>\n<p><b>16:15 \u2013 17:15 | El Poder de Cuidar: Mujeres Decidiendo en Sanidad<\/b><\/p>\n<p>Una mesa para reflexionar sobre el papel de las mujeres en el sistema sanitario: desde el cuidado hasta la toma de decisiones. Hablaremos de liderazgo, barreras estructurales y c\u00f3mo transformar la sanidad desde una mirada m\u00e1s humana y equitativa.<\/p>\n<p>\u2013 <b>Modera<\/b>: <b>Jos\u00e9 Francisco Soto <\/b><b>Bonel<\/b>, Presidente de Sociedad Espa\u00f1ola de Directivos de la Salud (SEDISA)<\/p>\n<p>\u2013 <b>Mar\u00eda <\/b><b>Angeles<\/b><b> Garc\u00eda <\/b><b>Rescalvo<\/b>, Gerente Hospital Universitario Virgen de las Nieves (Granada)<\/p>\n<p>&nbsp;<\/p>\n<p><b>17:15 \u2013 18:15 | Mesa de Di\u00e1logo: <\/b><b>WLHC Mujeres <\/b><b>que Deciden. Impacto Pol\u00edtico, Social y Empresarial desde Granada<\/b><\/p>\n<p>Un espacio para visibilizar el liderazgo femenino en distintos \u00e1mbitos desde una perspectiva local. Mujeres que impulsan cambios reales desde Granada, compartiendo su visi\u00f3n, experiencias y estrategias para transformar lo pol\u00edtico, lo social y lo empresarial.<\/p>\n<p>\u2013 <b>Modera<\/b>: <b>Arantxa Ruiz Calzado<\/b>, Sales Director en Oximesa Nippon Gases<\/p>\n<p>\u2013 <b>Pilar Aranda Ram\u00edrez<\/b>, Catedr\u00e1tica de Fisiolog\u00eda y exrectora de la Universidad de Granada<\/p>\n<p><b>\u2013 Mar\u00eda Jos\u00e9 S\u00e1nchez P\u00e9rez<\/b>, Directora cient\u00edfica del Instituto de Investigaci\u00f3n Biosanitaria de Granada (ibs.GRANADA)<\/p>\n<p>\u2013 <b>Adoraci\u00f3n Mart\u00ednez Plaza<\/b>, Cirujana Maxilofacial. Co-directora de la Unidad de Malformaciones Craneofaciales y Fisura Labio Palatina. H.U. Virgen de las Nieves de Granada<\/p>\n<p>&nbsp;<\/p>\n<p><b>Jueves <\/b><b>12 DE JUNIO<\/b><\/p>\n<p><b>10:00 \u2013 11:00 | Innovaci\u00f3n Cl\u00ednica y Farmac\u00e9utica<\/b><\/p>\n<p>Una mesa para explorar los avances que est\u00e1n transformando el diagn\u00f3stico, tratamiento y seguimiento de enfermedades raras. Conversaremos sobre investigaci\u00f3n, acceso a terapias innovadoras y el papel clave de la colaboraci\u00f3n entre ciencia, industria y pacientes.<\/p>\n<p>\u2013 <b>Modera<\/b>: <b>Jos\u00e9 Manuel P\u00e9rez Gordo<\/b>, Vicepresidente Agrupaci\u00f3n SEDISA Andaluc\u00eda.<\/p>\n<p>\u2013 <b>Alberto Jim\u00e9nez Morales<\/b>, Jefe de Servicio de Farmacia del Hospital Universitario Virgen de las Nieves (Granada).<\/p>\n<p>\u2013 <b>Nuria Navarrete <\/b><b>Navarrete<\/b>, Servicio de Medicina Interna \u2013 Unidad de Enfermedades Autoinmunes Sist\u00e9micas del Hospital Universitario Virgen de las Nieves (Granada).<\/p>\n<p>\u2013 <b>Juan Carlos <\/b><b>Rodr\u00edguez <\/b><b>Manzaneque<\/b>, L\u00edder del grupo de investigaci\u00f3n Proteasas y Matriz Extracelular.<\/p>\n<p>\u2013 <b>Jos\u00e9 Cabeza Barrera<\/b>, Jefe de Servicio de Farmacia-Director de Unidad de Gesti\u00f3n Cl\u00ednica del Hospital Universitario Cl\u00ednico San Cecilio.<\/p>\n<p>&nbsp;<\/p>\n<p><b>11:00 \u2013 12:00 |Enfermer\u00eda Directiva e Innovaci\u00f3n en Cuidados<\/b><\/p>\n<p>Una mesa para destacar el papel estrat\u00e9gico de la enfermer\u00eda en la gesti\u00f3n sanitaria y el dise\u00f1o de nuevos modelos de cuidado. Analizaremos c\u00f3mo la visi\u00f3n directiva impulsa soluciones innovadoras centradas en la persona, m\u00e1s eficientes, cercanas y sostenibles.<\/p>\n<p>\u2013 <b>Modera<\/b>: <b>Jes\u00fas Sanz <\/b><b>Villorejo<\/b>, Presidente de la Asociaci\u00f3n Nacional de Directivos de Enfermer\u00eda (ANDE)<\/p>\n<p>\u2013 <b>Blanca Fern\u00e1ndez <\/b><b>Lasquetty<\/b><b>&#8211; Blanc<\/b>, Directora de EnferConsultty y Secretaria de la Asociaci\u00f3n Nacional de Directivos de Enfermer\u00eda (ANDE)<\/p>\n<p>\u2013 <b>H\u00e9ctor <\/b><b>Nafr\u00eda<\/b><b> Soria<\/b>, Promotor de la Oficina de Cultura Cient\u00edfica del Consejo General de Enfermer\u00eda de Espa\u00f1a<\/p>\n<p>\u2013 <b>M\u00aar\u00eda<\/b><b> del Pilar Garc\u00eda Velasco<\/b>, Supervisora de Enfermer\u00eda del Hospital Universitario Virgen de las Nieves (Granada)<\/p>\n<p>&nbsp;<\/p>\n<p><b>12:00 | Pausa Caf\u00e9<\/b><\/p>\n<p>&nbsp;<\/p>\n<p><b>12:30 \u2013 13:30 | Modelos de Coordinaci\u00f3n Asistencial y Humanizaci\u00f3n<\/b><\/p>\n<p>Un espacio para reflexionar sobre c\u00f3mo mejorar la continuidad asistencial poniendo en el centro a la persona. Hablaremos de buenas pr\u00e1cticas, trabajo en red e iniciativas que integran eficiencia y calidez en la atenci\u00f3n sanitaria.<\/p>\n<p>\u2013 <b>Modera<\/b>: <b>\u00d3scar L\u00f3pez Moreno<\/b>, Director WLHealthCare<\/p>\n<p><b>\u2013 <\/b><b>Rodolfo Romero<\/b>, Director de Continuidad Asistencial en el Hospital Gregorio Mara\u00f1\u00f3n<\/p>\n<p>\u2013 <b>Jos\u00e9 Antonio Ortega Dom\u00ednguez<\/b>, Gerente Hospital Regional Universitario de M\u00e1laga<\/p>\n<p>\u2013 <b>Carmen S\u00e1ez<\/b>, Presidenta de Objetivo Diagn\u00f3stico<\/p>\n<p>&nbsp;<\/p>\n<p>[\/vc_column_text][vc_empty_space height=\u00bb11px\u00bb][vc_column_text]<\/p>\n<blockquote><p>\u00abReducir la brecha en salud de la mujer ayudar\u00eda a <strong>3.900 millones de mujeres a vivir vidas m\u00e1s saludables,<\/strong> d\u00e1ndoles hasta <strong>500 d\u00edas m\u00e1s a lo largo de su vida<\/strong>.\u00bb<\/p><\/blockquote>\n<p>[\/vc_column_text][vc_empty_space height=\u00bb56px\u00bb][vc_column_text]<\/p>\n<p data-pm-slice=\"1 1 []\">El proyecto <strong>Women Leaders in HealthCare<\/strong> (WLHC) comenz\u00f3 su andadura en el a\u00f1o 2017, con un enfoque inicialmente sectorial, centrado en el papel de la mujer en las compa\u00f1\u00edas farmac\u00e9uticas. Tras varios a\u00f1os de camino recorrido, diferentes eventos y encuentros y, sobre todo, fruto de los aprendizajes incorporados al escuchar diversas opiniones expertas del sector del cuidado de la salud, <strong>WLHC evoluciona hacia un modelo m\u00e1s ambicioso e integrador, con amplitud de miras y diversidad,<\/strong> que persigue ocupar un espacio hoy todav\u00eda in\u00e9dito, en el que mujeres desde perspectivas y experiencias diversas debatan y propongan sobre temas actuales y de relevancia con impacto en la salud en la sociedad, econom\u00eda y pol\u00edticas, buscando un an\u00e1lisis profundo y un decidido impacto positivo en la Sociedad.<\/p>\n<p>&nbsp;<\/p>\n<p data-pm-slice=\"1 1 []\">\u00a1Os Esperamos !<\/p>\n<p data-pm-slice=\"1 1 []\">Las inscripciones ya est\u00e1n abiertas y pueden realizarse a trav\u00e9s del siguiente\u00a0<a href=\"https:\/\/pocofrecuentes.org\/jornada-horizontes-sanitarios-en-enfermedades-raras\/\"><strong>enlace<\/strong>.<\/a><\/p>\n<p>&nbsp;<\/p>\n<p>[\/vc_column_text][vc_empty_space height=\u00bb8px\u00bb][\/vc_column][\/vc_row]<\/p>\n<\/div>","protected":false},"excerpt":{"rendered":"<p>Lorem Ipsum dolor sit amet quid dolormentum. Proin gravida nibh vel velit auctor aliquet. Aenean sollicitudin, lorem quis bibendum auctorelit consequat ipsum, nec sagittis sem nibh id elit. Duis sed odio sit amet nibh vulputate cursus a sit amet mauris. Morbi accumsan ipsum velit. Nam nec tellus a odio tincidunt auctor a ornare odio. Sed non mauris vitae erat consequat auctor eu in elit. Class aptent taciti sociosqu ad litora torquent per conubia nostra per inceptos himenaeos. Mauris in erat justo. Nullam ac urna eu felis dapibus condimentum sit amet a augue. Sed non neque elit. Sed ut imperdiet nisi. Proin condimentum fermentum nunc. Etiam pharetra, erat sed fermentum feugiat, velit mauris egestas quam, ut aliquam massa nisl quis neque. Suspendisse in orci enim. Erat consequat auctor eu in elit. Class aptent taciti sociosqu ad litora torquent per conubia nostra per inceptos himenaeos. Mauris in erat justo. Nullam ac urna eu felis dapibus condimentum sit amet a augue. Sed non neque elit. Sed ut imperdiet nisi. Proin condimentum fermentum nunc.<\/p>\n","protected":false},"author":1,"featured_media":4100,"comment_status":"open","ping_status":"open","sticky":false,"template":"","format":"standard","meta":{"footnotes":""},"categories":[45],"tags":[46],"class_list":["post-4098","post","type-post","status-publish","format-standard","has-post-thumbnail","hentry","category-wlhc","tag-wlhc"],"_links":{"self":[{"href":"https:\/\/wlhealthcare.com\/index.php?rest_route=\/wp\/v2\/posts\/4098","targetHints":{"allow":["GET"]}}],"collection":[{"href":"https:\/\/wlhealthcare.com\/index.php?rest_route=\/wp\/v2\/posts"}],"about":[{"href":"https:\/\/wlhealthcare.com\/index.php?rest_route=\/wp\/v2\/types\/post"}],"author":[{"embeddable":true,"href":"https:\/\/wlhealthcare.com\/index.php?rest_route=\/wp\/v2\/users\/1"}],"replies":[{"embeddable":true,"href":"https:\/\/wlhealthcare.com\/index.php?rest_route=%2Fwp%2Fv2%2Fcomments&post=4098"}],"version-history":[{"count":3,"href":"https:\/\/wlhealthcare.com\/index.php?rest_route=\/wp\/v2\/posts\/4098\/revisions"}],"predecessor-version":[{"id":4103,"href":"https:\/\/wlhealthcare.com\/index.php?rest_route=\/wp\/v2\/posts\/4098\/revisions\/4103"}],"wp:featuredmedia":[{"embeddable":true,"href":"https:\/\/wlhealthcare.com\/index.php?rest_route=\/wp\/v2\/media\/4100"}],"wp:attachment":[{"href":"https:\/\/wlhealthcare.com\/index.php?rest_route=%2Fwp%2Fv2%2Fmedia&parent=4098"}],"wp:term":[{"taxonomy":"category","embeddable":true,"href":"https:\/\/wlhealthcare.com\/index.php?rest_route=%2Fwp%2Fv2%2Fcategories&post=4098"},{"taxonomy":"post_tag","embeddable":true,"href":"https:\/\/wlhealthcare.com\/index.php?rest_route=%2Fwp%2Fv2%2Ftags&post=4098"}],"curies":[{"name":"wp","href":"https:\/\/api.w.org\/{rel}","templated":true}]}}