{"id":3948,"date":"2024-07-29T13:44:27","date_gmt":"2024-07-29T11:44:27","guid":{"rendered":"https:\/\/wlhealthcare.com\/?p=3948"},"modified":"2024-08-03T13:44:43","modified_gmt":"2024-08-03T11:44:43","slug":"women-leaders-in-healthcare-constituye-su-comite-de-expertas-con-9-mujeres-del-sector-de-la-salud-2","status":"publish","type":"post","link":"https:\/\/wlhealthcare.com\/?p=3948","title":{"rendered":"Women Leaders in Healthcare constituye su comit\u00e9 de expertas con 9 mujeres del sector de la salud"},"content":{"rendered":"<div class=\"wpb-content-wrapper\"><p>[vc_row][vc_column][vc_empty_space height=\u00bb7px\u00bb][vc_column_text]<\/p>\n<p><strong>Madrid, 26 de julio de 2024.<\/strong> Tras ocho a\u00f1os desde su fundaci\u00f3n, la misi\u00f3n de Women Leaders in Healthcare se consolida con la constituci\u00f3n del comit\u00e9 de asesoras del proyecto: un grupo de mujeres en el sector de la salud, en una mesa redonda celebrada el pasado 11 de julio en Madrid.<\/p>\n<p>WL in Healthcare naci\u00f3 con el objetivo de impactar en la sociedad para aportar soluciones reales a problemas de salud que afectan a los \u00e1mbitos social, pol\u00edtico y econ\u00f3mico. Se trata de una organizaci\u00f3n imparcial e independiente, abierta a la participaci\u00f3n tanto de hombres como mujeres que se identifiquen con el proyecto.<\/p>\n<p>A trav\u00e9s del nuevo comit\u00e9, WL in Healthcare alcanza una nueva fase para difundir su misi\u00f3n y crear un espacio de debate para la nueva realidad sanitaria. Durante el encuentro, se han establecido algunos de los temas que se van a trabajar desde la organizaci\u00f3n, como la salud de la mujer, la colaboraci\u00f3n p\u00fablico-privada en la sanidad o la importancia de generar y analizar datos sobre el sistema sanitario.<\/p>\n<p>Seg\u00fan el Foro Econ\u00f3mico Mundial, <strong>por cada d\u00f3lar invertido en la salud de las mujeres, se obtendr\u00edan tres d\u00f3lares en crecimiento econ\u00f3mico.<\/strong> Por ello, Women Leaders in Healthcare tiene el objetivo de proponer soluciones a problemas actuales y futuros en todos los sectores donde la salud impacta, as\u00ed como analizar, debatir y concienciar con propuestas concretas y una metodolog\u00eda basada en estudios.<\/p>\n<p>Guiadas por estos datos, el comit\u00e9 asesor ha aceptado el reto de ser embajadoras del proyecto para difundirlo en las \u00e1reas donde cada una es experta:<\/p>\n<ul>\n<li><strong>Marta Reyes<\/strong>, embajadora WL in Healthcare.<\/li>\n<li><strong>Raquel Garc\u00eda<\/strong>,Presidenta I del Consejo General de Colegios Enfermer\u00eda.<\/li>\n<li><strong>Carina Escobar<\/strong>, Presidenta de la Plataforma de Organizaciones de Pacientes.<\/li>\n<li><strong>Ana Garc\u00eda-Alt\u00e9s<\/strong>, Presidenta de la Asociaci\u00f3n Espa\u00f1ola de Econom\u00eda para la Salud.<\/li>\n<li><strong>Adela Coladas<\/strong>, Directora de Operaciones de Cigna.<\/li>\n<li><strong>Carmen Afan<\/strong>, Directora de Desarrollo de Negocio de Grupo Pedro Ja\u00e9n.<\/li>\n<li><strong>Lola Ruiz Iglesias<\/strong>, Ex Viceconsejera de Sanidad del Pa\u00eds Vasco. Miembro de la Junta directiva de la SEIS.<\/li>\n<li><strong>Mar\u00eda Real Bela<\/strong>, Directora Asociada en Cariotipo Lobby &amp; Comunicaci\u00f3n.<\/li>\n<li><strong>Frederique Labadie<\/strong>, CEO de Days of Confidence.<\/li>\n<\/ul>\n<p>[\/vc_column_text][vc_empty_space height=\u00bb11px\u00bb][vc_column_text]<\/p>\n<blockquote><p><strong>Durante el encuentro, se han establecido algunos de los temas que se van a trabajar desde la organizaci\u00f3n, como la salud de la mujer, la colaboraci\u00f3n p\u00fablico-privada en la sanidad o la importancia de generar y analizar datos sobre el sistema sanitario.<\/strong><\/p><\/blockquote>\n<p>[\/vc_column_text][vc_empty_space height=\u00bb56px\u00bb][vc_column_text]<\/p>\n<p><strong>Un comit\u00e9 que pone en valor la salud y el sistema sanitario nacional<\/strong><\/p>\n<p>Los miembros del comit\u00e9 asesor ser\u00e1n a partir de ahora los embajadores de WL in Healthcare. Esto supone seguir una metodolog\u00eda establecida para trabajar diversos temas que impactan en los ejes fundamentales del proyecto.<\/p>\n<p>Habr\u00e1 un evento por trimestre para tratar diferentes tem\u00e1ticas, adem\u00e1s de dos reuniones anuales del comit\u00e9 para trabajar conjuntamente.<\/p>\n<p>&nbsp;<\/p>\n<p><strong>Think Tank del consejo asesor, da comienzo <\/strong><\/p>\n<p>El pr\u00f3ximo 17 de octubre arrancan los <strong>Think Tank<\/strong> con un tema muy relevante para los j\u00f3venes: el impacto del uso de pantallas en la salud.<\/p>\n<p>Ser\u00e1 el primero de los encuentros previstos y supondr\u00e1 un debate de la nueva realidad de las pantallas en la poblaci\u00f3n y su impacto en la salud mental, relaciones sociales, trabajo y econom\u00eda.<\/p>\n<p>En el primer trimestre del 2025, se prev\u00e9 la celebraci\u00f3n del siguiente encuentro que debatir\u00e1 sobre entornos de trabajo saludables.<\/p>\n<p>[\/vc_column_text][vc_empty_space height=\u00bb8px\u00bb][\/vc_column][\/vc_row]<\/p>\n<\/div>","protected":false},"excerpt":{"rendered":"<p>Lorem Ipsum dolor sit amet quid dolormentum. Proin gravida nibh vel velit auctor aliquet. Aenean sollicitudin, lorem quis bibendum auctorelit consequat ipsum, nec sagittis sem nibh id elit. Duis sed odio sit amet nibh vulputate cursus a sit amet mauris. Morbi accumsan ipsum velit. Nam nec tellus a odio tincidunt auctor a ornare odio. Sed non mauris vitae erat consequat auctor eu in elit. Class aptent taciti sociosqu ad litora torquent per conubia nostra per inceptos himenaeos. Mauris in erat justo. Nullam ac urna eu felis dapibus condimentum sit amet a augue. Sed non neque elit. Sed ut imperdiet nisi. Proin condimentum fermentum nunc. Etiam pharetra, erat sed fermentum feugiat, velit mauris egestas quam, ut aliquam massa nisl quis neque. Suspendisse in orci enim. Erat consequat auctor eu in elit. Class aptent taciti sociosqu ad litora torquent per conubia nostra per inceptos himenaeos. Mauris in erat justo. Nullam ac urna eu felis dapibus condimentum sit amet a augue. Sed non neque elit. Sed ut imperdiet nisi. Proin condimentum fermentum nunc.<\/p>\n","protected":false},"author":1,"featured_media":3846,"comment_status":"open","ping_status":"open","sticky":false,"template":"","format":"standard","meta":{"footnotes":""},"categories":[45],"tags":[46],"class_list":["post-3948","post","type-post","status-publish","format-standard","has-post-thumbnail","hentry","category-wlhc","tag-wlhc"],"_links":{"self":[{"href":"https:\/\/wlhealthcare.com\/index.php?rest_route=\/wp\/v2\/posts\/3948","targetHints":{"allow":["GET"]}}],"collection":[{"href":"https:\/\/wlhealthcare.com\/index.php?rest_route=\/wp\/v2\/posts"}],"about":[{"href":"https:\/\/wlhealthcare.com\/index.php?rest_route=\/wp\/v2\/types\/post"}],"author":[{"embeddable":true,"href":"https:\/\/wlhealthcare.com\/index.php?rest_route=\/wp\/v2\/users\/1"}],"replies":[{"embeddable":true,"href":"https:\/\/wlhealthcare.com\/index.php?rest_route=%2Fwp%2Fv2%2Fcomments&post=3948"}],"version-history":[{"count":1,"href":"https:\/\/wlhealthcare.com\/index.php?rest_route=\/wp\/v2\/posts\/3948\/revisions"}],"predecessor-version":[{"id":3954,"href":"https:\/\/wlhealthcare.com\/index.php?rest_route=\/wp\/v2\/posts\/3948\/revisions\/3954"}],"wp:featuredmedia":[{"embeddable":true,"href":"https:\/\/wlhealthcare.com\/index.php?rest_route=\/wp\/v2\/media\/3846"}],"wp:attachment":[{"href":"https:\/\/wlhealthcare.com\/index.php?rest_route=%2Fwp%2Fv2%2Fmedia&parent=3948"}],"wp:term":[{"taxonomy":"category","embeddable":true,"href":"https:\/\/wlhealthcare.com\/index.php?rest_route=%2Fwp%2Fv2%2Fcategories&post=3948"},{"taxonomy":"post_tag","embeddable":true,"href":"https:\/\/wlhealthcare.com\/index.php?rest_route=%2Fwp%2Fv2%2Ftags&post=3948"}],"curies":[{"name":"wp","href":"https:\/\/api.w.org\/{rel}","templated":true}]}}